{"id":385,"date":"2024-12-04T11:29:45","date_gmt":"2024-12-04T10:29:45","guid":{"rendered":"https:\/\/www.bett1.fr\/info\/?p=385"},"modified":"2026-02-03T11:51:17","modified_gmt":"2026-02-03T10:51:17","slug":"sommeil-paradoxal","status":"publish","type":"post","link":"https:\/\/fr.bett1.ch\/info\/glossaire\/sommeil-paradoxal","title":{"rendered":"Sommeil paradoxal\u00a0: en quoi est-il si important pour la r\u00e9cup\u00e9ration\u00a0?"},"content":{"rendered":"\n<p>Vous pensez tout savoir sur le sommeil\u00a0? Ce processus complexe comprend plusieurs cycles, dont chacun joue un r\u00f4le crucial dans notre bien-\u00eatre. Parmi ces cycles, le sommeil paradoxal se distingue comme l&#8217;une des phases les plus importantes pour la r\u00e9cup\u00e9ration mentale et \u00e9motionnelle. Mais en quoi consiste le sommeil paradoxal et pourquoi est-il si essentiel ? Levez le voile sur cette phase du sommeil\u00a0!<\/p>\n\n\n<nav id=\"sommaire-article\"><a href=\"#quest-ce-que-le-sommeil-paradoal\" class=\"title_lvl2\"><span class=\"title_lvl\">1. <\/span>Qu\u2019est-ce que le sommeil paradoxal&nbsp;?<\/a><a href=\"#pourquoi-le-sommeil-paradoal-est-il-important-pour-la-recuperation\" class=\"title_lvl2\"><span class=\"title_lvl\">2. <\/span>Pourquoi le sommeil paradoxal est-il important pour la r\u00e9cup\u00e9ration&nbsp;?<\/a><a href=\"#la-regeneration-mentale\" class=\"title_lvl3\"><span class=\"title_lvl\">2.1. <\/span>La r\u00e9g\u00e9n\u00e9ration mentale<\/a><a href=\"#la-regulation-des-emotions\" class=\"title_lvl3\"><span class=\"title_lvl\">2.2. <\/span>La r\u00e9gulation des \u00e9motions<\/a><a href=\"#la-creativite-et-la-resolution-des-problemes\" class=\"title_lvl3\"><span class=\"title_lvl\">2.3. <\/span>La cr\u00e9ativit\u00e9 et la r\u00e9solution des probl\u00e8mes<\/a><a href=\"#la-recuperation-physique\" class=\"title_lvl3\"><span class=\"title_lvl\">2.4. <\/span>La r\u00e9cup\u00e9ration physique<\/a><a href=\"#les-consequences-du-manque-de-sommeil-paradoal\" class=\"title_lvl2\"><span class=\"title_lvl\">3. <\/span>Les cons\u00e9quences du manque de sommeil paradoxal<\/a><a href=\"#comment-ameliorer-le-sommeil-paradoal\" class=\"title_lvl2\"><span class=\"title_lvl\">4. <\/span>Comment am\u00e9liorer le sommeil paradoxal ?<\/a><a href=\"#questions-les-plus-frequemment-posees-sur-le-sommeil-paradoal\" class=\"title_lvl2\"><span class=\"title_lvl\">5. <\/span>Questions les plus fr\u00e9quemment pos\u00e9es sur le sommeil paradoxal<\/a><\/nav>\n\n\n\n<h2 class=\"wp-block-heading\" id=\"h-qu-est-ce-que-le-sommeil-paradoxal-nbsp\">Qu\u2019est-ce que le sommeil paradoxal&nbsp;?<\/h2>\n\n\n\n<p>Le sommeil paradoxal est aussi appel\u00e9 REM (<em>Rapid Eye Movement<\/em> ou mouvement oculaire rapide). Il s\u2019agit d\u2019une phase du sommeil caract\u00e9ris\u00e9e par une activit\u00e9 c\u00e9r\u00e9brale intense, des mouvements rapides des yeux et une paralysie temporaire des muscles volontaires. Durant le cycle du sommeil, le sommeil paradoxal survient en moyenne 90 minutes apr\u00e8s l&#8217;endormissement et il succ\u00e8de aux phases de sommeil l\u00e9ger ainsi que de sommeil profond.<\/p>\n\n\n\n<p>D\u2019apr\u00e8s la recherche, le cerveau serait presque aussi actif pendant cette phase que pendant l&#8217;\u00e9veil. C\u2019est d\u2019ailleurs au cours de cette phase que la plupart des r\u00eaves se produisent, bien qu\u2019ils ne soient pas toujours m\u00e9moris\u00e9s. Raisons pour lesquelles ce sommeil est qualifi\u00e9 de paradoxal&nbsp;: tandis que le corps se tient au repos, le cerveau maintient une activit\u00e9 \u00e9lev\u00e9e.<\/p>\n\n\n\n<figure class=\"wp-block-image size-full\"><img loading=\"lazy\" decoding=\"async\" width=\"1024\" height=\"600\" src=\"https:\/\/static.bett1.fr\/2024\/12\/bett1_FR-IP_REM-Schlaf_zyklus.jpg\" alt=\"Illustration : un homme dort et autour de lui des bulles avec les phases du cycle du sommeil : transition \u00e9veil sommeil, sommeil lent l\u00e9ger, sommeil lent profond, sommeil paradoxal\" class=\"wp-image-397\" srcset=\"https:\/\/storage.googleapis.com\/bett1-tools-infoportal-staging-ch-fr\/2024\/12\/bett1_FR-IP_REM-Schlaf_zyklus.jpg 1024w, https:\/\/storage.googleapis.com\/bett1-tools-infoportal-staging-ch-fr\/2024\/12\/bett1_FR-IP_REM-Schlaf_zyklus-300x176.jpg 300w, https:\/\/storage.googleapis.com\/bett1-tools-infoportal-staging-ch-fr\/2024\/12\/bett1_FR-IP_REM-Schlaf_zyklus-768x450.jpg 768w\" sizes=\"auto, (max-width: 1024px) 100vw, 1024px\" \/><\/figure>\n\n\n\n<h2 class=\"wp-block-heading\" id=\"h-pourquoi-le-sommeil-paradoxal-est-il-important-pour-la-recuperation-nbsp\">Pourquoi le sommeil paradoxal est-il important pour la r\u00e9cup\u00e9ration&nbsp;?<\/h2>\n\n\n\n<p>Le sommeil paradoxal participe activement \u00e0 votre bien-\u00eatre mental et \u00e9motionnel. Retrouvez les principales raisons pour lesquelles cette phase est essentielle pour votre r\u00e9cup\u00e9ration.<\/p>\n\n\n\n<h3 class=\"wp-block-heading\" id=\"h-la-regeneration-mentale\">La r\u00e9g\u00e9n\u00e9ration mentale<\/h3>\n\n\n\n<p>Le sommeil paradoxal est particuli\u00e8rement important pour la r\u00e9g\u00e9n\u00e9ration mentale. Il permet de consolider la m\u00e9moire en renfor\u00e7ant les connexions neuronales cr\u00e9\u00e9es tout au long de la journ\u00e9e. Cela aide \u00e0 m\u00e9moriser les informations apprises, \u00e0 renforcer les souvenirs et \u00e0 organiser les connaissances.<\/p>\n\n\n\n<h3 class=\"wp-block-heading\" id=\"h-la-regulation-des-emotions\">La r\u00e9gulation des \u00e9motions<\/h3>\n\n\n\n<p>Lors de la phase paradoxale, le cerveau traite et r\u00e9gule les exp\u00e9riences \u00e9motionnelles. Ce processus contribue alors \u00e0 r\u00e9duire le stress et \u00e0 am\u00e9liorer la stabilit\u00e9 des \u00e9motions. Les personnes priv\u00e9es de sommeil paradoxal ont d\u2019ailleurs tendance \u00e0 \u00eatre plus irritables et plus sensibles aux \u00e9motions n\u00e9gatives.<\/p>\n\n\n\n<h3 class=\"wp-block-heading\" id=\"h-la-creativite-et-la-resolution-des-problemes\">La cr\u00e9ativit\u00e9 et la r\u00e9solution des probl\u00e8mes<\/h3>\n\n\n\n<p>Le sommeil paradoxal favorise la cr\u00e9ativit\u00e9 et la r\u00e9solution de probl\u00e8mes. C&#8217;est en effet au cours de cette phase que le cerveau fait des associations libres entre des id\u00e9es, offrant de nouvelles perspectives et des solutions cr\u00e9atives aux probl\u00e8mes. Pour de nombreuses personnes, elle constitue ainsi une source de pens\u00e9es novatrices.<\/p>\n\n\n\n<figure class=\"wp-block-image size-full\"><img loading=\"lazy\" decoding=\"async\" width=\"1024\" height=\"600\" src=\"https:\/\/static.bett1.fr\/2024\/12\/bett1_FR-IP_REM-regeneration.jpg\" alt=\"Image : un homme assis \u00e0 un bureau se tient la t\u00eate\" class=\"wp-image-394\" srcset=\"https:\/\/storage.googleapis.com\/bett1-tools-infoportal-staging-ch-fr\/2024\/12\/bett1_FR-IP_REM-regeneration.jpg 1024w, https:\/\/storage.googleapis.com\/bett1-tools-infoportal-staging-ch-fr\/2024\/12\/bett1_FR-IP_REM-regeneration-300x176.jpg 300w, https:\/\/storage.googleapis.com\/bett1-tools-infoportal-staging-ch-fr\/2024\/12\/bett1_FR-IP_REM-regeneration-768x450.jpg 768w\" sizes=\"auto, (max-width: 1024px) 100vw, 1024px\" \/><\/figure>\n\n\n\n<h3 class=\"wp-block-heading\" id=\"h-la-recuperation-physique\">La r\u00e9cup\u00e9ration physique<\/h3>\n\n\n\n<p>La r\u00e9cup\u00e9ration physique est principalement assur\u00e9e par le sommeil profond. Toutefois, le sommeil paradoxal y contribue \u00e9galement en assurant le bon fonctionnement du syst\u00e8me nerveux. La paralysie temporaire des muscles aide \u00e0 rel\u00e2cher les tensions musculaires et \u00e0 reposer le corps.<\/p>\n\n\n\n<h2 class=\"wp-block-heading\" id=\"h-les-consequences-du-manque-de-sommeil-paradoxal\">Les cons\u00e9quences du manque de sommeil paradoxal<\/h2>\n\n\n\n<p>Une <strong>privation de sommeil paradoxal<\/strong> peut avoir des effets significatifs sur votre sant\u00e9 mentale et physique. Les cons\u00e9quences de ce manque incluent g\u00e9n\u00e9ralement&nbsp;:<\/p>\n\n\n\n<ul class=\"wp-block-list\">\n<li><strong>Des troubles de la m\u00e9moire\u00a0<\/strong>: \u00e0 court et \u00e0 long terme, ils compromettent la persistance des souvenirs.<\/li>\n\n\n\n<li><strong>Une humeur instable<\/strong>&nbsp;: face \u00e0 une d\u00e9r\u00e9gulation des \u00e9motions, une irritabilit\u00e9 accentu\u00e9e, de l\u2019anxi\u00e9t\u00e9 et m\u00eame une d\u00e9pression peuvent s\u2019installer.<\/li>\n\n\n\n<li><strong>Une r\u00e9duction de la cr\u00e9ativit\u00e9 et des facult\u00e9s cognitives<\/strong>&nbsp;: la capacit\u00e9 \u00e0 r\u00e9soudre des probl\u00e8mes et \u00e0 penser de mani\u00e8re cr\u00e9ative est diminu\u00e9e.<\/li>\n\n\n\n<li><strong>Un risque accru de troubles neurologiques<\/strong> : le manque chronique de sommeil paradoxal accentue le risque de troubles neurologiques, tels que les d\u00e9mences.<\/li>\n<\/ul>\n\n\n\n<figure class=\"wp-block-image size-full\"><img loading=\"lazy\" decoding=\"async\" width=\"1024\" height=\"600\" src=\"https:\/\/static.bett1.fr\/2024\/12\/bett1_FR-IP_REM-Schlaf-manque-de-sommeil.jpg\" alt=\"Image : femme se r\u00e9veille dans son lit et tiens une tasse \u00e0 la main\" class=\"wp-image-395\" srcset=\"https:\/\/storage.googleapis.com\/bett1-tools-infoportal-staging-ch-fr\/2024\/12\/bett1_FR-IP_REM-Schlaf-manque-de-sommeil.jpg 1024w, https:\/\/storage.googleapis.com\/bett1-tools-infoportal-staging-ch-fr\/2024\/12\/bett1_FR-IP_REM-Schlaf-manque-de-sommeil-300x176.jpg 300w, https:\/\/storage.googleapis.com\/bett1-tools-infoportal-staging-ch-fr\/2024\/12\/bett1_FR-IP_REM-Schlaf-manque-de-sommeil-768x450.jpg 768w\" sizes=\"auto, (max-width: 1024px) 100vw, 1024px\" \/><\/figure>\n\n\n\n<h2 class=\"wp-block-heading\" id=\"h-comment-ameliorer-le-sommeil-paradoxal\">Comment am\u00e9liorer le sommeil paradoxal ?<\/h2>\n\n\n\n<p>Certaines pratiques peuvent favoriser et am\u00e9liorer la qualit\u00e9 du sommeil paradoxal. Voici quelques conseils pour renforcer le v\u00f4tre\u00a0:<\/p>\n\n\n\n<ul class=\"wp-block-list\">\n<li><strong>Maintenir une routine de sommeil r\u00e9guli\u00e8re<\/strong> : se coucher et se lever \u00e0 la m\u00eame heure chaque jour favorise un cycle de sommeil plus stable et augmente la probabilit\u00e9 d&#8217;avoir un sommeil paradoxal suffisant.<\/li>\n\n\n\n<li><strong>R\u00e9duire la consommation d&#8217;alcool<\/strong> : l\u2019alcool peut diminuer la qualit\u00e9 du sommeil et la quantit\u00e9 de sommeil paradoxal.<\/li>\n\n\n\n<li><strong>\u00c9viter les \u00e9crans avant l\u2019endormissement<\/strong> : la lumi\u00e8re bleue \u00e9mise par les \u00e9crans peut perturber la production de m\u00e9latonine, l\u2019hormone qui favorise le sommeil. Essayez d&#8217;\u00e9viter les \u00e9crans au moins une heure avant le coucher.<\/li>\n\n\n\n<li><strong>Pratiquer des techniques de relaxation<\/strong> : la m\u00e9ditation, la respiration profonde et d&#8217;autres techniques de relaxation aident \u00e0 r\u00e9duire le stress.<\/li>\n\n\n\n<li><strong>Faire de l&#8217;exercice r\u00e9guli\u00e8rement<\/strong> : l\u2019exercice physique r\u00e9gulier est b\u00e9n\u00e9fique pour le sommeil global. Il est cependant pr\u00e9f\u00e9rable de faire de l&#8217;exercice plus t\u00f4t dans la journ\u00e9e pour ne pas perturber l&#8217;endormissement.<\/li>\n<\/ul>\n\n\n\n<figure class=\"wp-block-image size-full\"><img loading=\"lazy\" decoding=\"async\" width=\"1024\" height=\"600\" src=\"https:\/\/static.bett1.fr\/2024\/12\/bett1_FR-IP_REM-amelioration-sommeil.png\" alt=\"cinq images : un r\u00e9veil, une th\u00e9i\u00e8re qui vers du th\u00e9 dans une tasse, un livre ouvert, un homme en position yoga qui fait de la m\u00e9ditation, une femme qui court\" class=\"wp-image-396\" srcset=\"https:\/\/storage.googleapis.com\/bett1-tools-infoportal-staging-ch-fr\/2024\/12\/bett1_FR-IP_REM-amelioration-sommeil.png 1024w, https:\/\/storage.googleapis.com\/bett1-tools-infoportal-staging-ch-fr\/2024\/12\/bett1_FR-IP_REM-amelioration-sommeil-300x176.png 300w, https:\/\/storage.googleapis.com\/bett1-tools-infoportal-staging-ch-fr\/2024\/12\/bett1_FR-IP_REM-amelioration-sommeil-768x450.png 768w\" sizes=\"auto, (max-width: 1024px) 100vw, 1024px\" \/><\/figure>\n\n\n<div class=\"box grey-box\"><\/p>\n<h2>Questions les plus fr\u00e9quemment pos\u00e9es sur le sommeil paradoxal<\/h2>\n<p>Parcourez les questions et r\u00e9ponses les plus courantes concernant le sommeil paradoxal.<\/p>\n<p><b>Combien de temps dure le sommeil paradoxal ?<\/b><\/p>\n<p>Le sommeil paradoxal repr\u00e9sente environ 20 \u00e0 25 % du sommeil total. Les p\u00e9riodes de sommeil paradoxal augmentent en dur\u00e9e au fur et \u00e0 mesure de la nuit, avec des phases de 10 minutes au d\u00e9but \u00e0 30 minutes ou plus lors des derniers cycles de sommeil.<\/p>\n<p><b>Le sommeil paradoxal est-il semblable au sommeil profond ?<\/b><\/p>\n<p>Non, le sommeil paradoxal et le sommeil profond sont deux phases distinctes. Le sommeil profond est une phase r\u00e9paratrice pour le corps, tandis que le sommeil paradoxal s\u2019axe davantage sur la r\u00e9cup\u00e9ration mentale et \u00e9motionnelle.<\/p>\n<p><b>Comment Savoir si mon Sommeil paradoxal est suffisant ?<\/b><\/p>\n<p>Mesurer la dur\u00e9e du sommeil paradoxal n\u00e9cessite des dispositifs sp\u00e9cifiques, comme un \u00e9lectroenc\u00e9phalogramme. Cependant, vous pouvez associer un bon sommeil paradoxal \u00e0 des r\u00eaves r\u00e9guliers, une m\u00e9moire performante et une humeur stable.<\/p>\n<p><\/div>\n\n\n\n`<div class=\"cat_container cat_container_option_dark \">\n\n<figure><a href=\"https:\/\/fr.bett1.ch\/matelas\"><img decoding=\"async\" class=\"cat_image\" src=\"https:\/\/static.bett1.fr\/2024\/06\/bett1_matelas-bodyguard-anti-cartel.jpg\" alt=\"Le matelas antitrust BODYGUARD\u00ae avec la housse fonctionnelle HyBreeze\"><\/a><\/figure><p><\/p>\n\n<div class=\"cat_bouton cat_bouton_option_left cat_bouton_option_red\">\n\n<p>Achetez votre matelas<\/p>\n<\/div>\n<\/div>`\n\n\n\n<p>On ne le dira jamais assez\u00a0: <a href=\"https:\/\/fr.bett1.ch\/info\/conseils\/comment-bien-dormir-10-conseils-pour-mieux-dormir\" type=\"link\" id=\"https:\/\/fr.bett1.ch\/info\/conseils\/comment-bien-dormir-10-conseils-pour-mieux-dormir\">bien dormir<\/a> est vital. Le sommeil paradoxal est une composante essentielle d&#8217;un sommeil de qualit\u00e9, en permettant la r\u00e9cup\u00e9ration mentale et la r\u00e9gulation des \u00e9motions. S\u2019il est compliqu\u00e9 de contr\u00f4ler sp\u00e9cifiquement cette phase, vous pouvez adopter une bonne hygi\u00e8ne de sommeil et des habitudes saines. Cela favorisera un cycle de sommeil \u00e9quilibr\u00e9, incluant un sommeil paradoxal suffisant. Pour pr\u00e9server votre bien-\u00eatre mental et \u00e9motionnel, veillez ainsi \u00e0 respecter votre rythme de sommeil et \u00e0 donner \u00e0 votre corps ainsi qu\u2019\u00e0 votre esprit le repos n\u00e9cessaire<\/p>\n\n\n\n<p><\/p>\n","protected":false},"excerpt":{"rendered":"<p>Vous pensez tout savoir sur le sommeil\u00a0? Ce processus complexe comprend plusieurs cycles, dont chacun joue un r\u00f4le crucial dans notre bien-\u00eatre. Parmi ces cycles, le sommeil paradoxal se distingue comme l&#8217;une des phases les plus importantes pour la r\u00e9cup\u00e9ration mentale et \u00e9motionnelle. Mais en quoi consiste le sommeil paradoxal et pourquoi est-il si essentiel [&hellip;]<\/p>\n","protected":false},"author":2,"featured_media":393,"comment_status":"open","ping_status":"open","sticky":false,"template":"","format":"standard","meta":{"_acf_changed":false,"footnotes":""},"categories":[3],"tags":[22,23,21],"class_list":["post-385","post","type-post","status-publish","format-standard","has-post-thumbnail","hentry","category-glossaire","tag-cycle-du-sommeil","tag-reves","tag-sommeil-paradoxal"],"acf":[],"yoast_head":"<!-- This site is optimized with the Yoast SEO Premium plugin v26.8 (Yoast SEO v26.9-RC2) - https:\/\/yoast.com\/product\/yoast-seo-premium-wordpress\/ -->\n<title>Sommeil Paradoxal : Pourquoi Est-il si Important ? | Bett1.fr<\/title>\n<meta name=\"description\" content=\"Sommeil paradoxal \u2713 REM \u25ba D\u00e9couvrez-en plus sur le sommeil paradoxal pour optimiser votre phase de r\u00e9cup\u00e9ration avec Bett1.fr !\" \/>\n<meta name=\"robots\" content=\"index, follow, max-snippet:-1, max-image-preview:large, max-video-preview:-1\" \/>\n<link rel=\"canonical\" href=\"https:\/\/www.bett1.fr\/info\/glossaire\/sommeil-paradoxal\/\" \/>\n<meta property=\"og:locale\" content=\"fr_FR\" \/>\n<meta property=\"og:type\" content=\"article\" \/>\n<meta property=\"og:title\" content=\"Sommeil paradoxal\u00a0: en quoi est-il si important pour la r\u00e9cup\u00e9ration\u00a0?\" \/>\n<meta property=\"og:description\" content=\"Sommeil paradoxal \u2713 REM \u25ba D\u00e9couvrez-en plus sur le sommeil paradoxal pour optimiser votre phase de r\u00e9cup\u00e9ration avec Bett1.fr !\" \/>\n<meta property=\"og:url\" content=\"https:\/\/www.bett1.fr\/info\/glossaire\/sommeil-paradoxal\" \/>\n<meta property=\"og:site_name\" content=\"bett1\" \/>\n<meta property=\"article:publisher\" content=\"https:\/\/www.facebook.com\/bett1.fr\" \/>\n<meta property=\"article:published_time\" content=\"2024-12-04T10:29:45+00:00\" \/>\n<meta property=\"article:modified_time\" content=\"2026-02-03T10:51:17+00:00\" \/>\n<meta property=\"og:image\" content=\"https:\/\/storage.googleapis.com\/bett1-tools-infoportal-staging-ch-fr\/2024\/12\/bett1_FR-IP_REM-_header.jpg\" \/>\n\t<meta property=\"og:image:width\" content=\"1260\" \/>\n\t<meta property=\"og:image:height\" content=\"690\" \/>\n\t<meta property=\"og:image:type\" content=\"image\/jpeg\" \/>\n<meta name=\"author\" content=\"jihane schott\" \/>\n<meta name=\"twitter:card\" content=\"summary_large_image\" \/>\n<meta name=\"twitter:label1\" content=\"Written by\" \/>\n\t<meta name=\"twitter:data1\" content=\"jihane schott\" \/>\n\t<meta name=\"twitter:label2\" content=\"Est. reading time\" \/>\n\t<meta name=\"twitter:data2\" content=\"7 minutes\" \/>\n<script type=\"application\/ld+json\" class=\"yoast-schema-graph\">{\"@context\":\"https:\/\/schema.org\",\"@graph\":[{\"@type\":\"Article\",\"@id\":\"https:\/\/www.bett1.fr\/info\/glossaire\/sommeil-paradoxal#article\",\"isPartOf\":{\"@id\":\"https:\/\/fr.bett1.ch\/info\/glossaire\/sommeil-paradoxal\"},\"author\":{\"name\":\"jihane schott\",\"@id\":\"https:\/\/fr.bett1.ch\/info\/#\/schema\/person\/04bd20287aa19eecd013beeb696f962a\"},\"headline\":\"Sommeil paradoxal\u00a0: en quoi est-il si important pour la r\u00e9cup\u00e9ration\u00a0?\",\"datePublished\":\"2024-12-04T10:29:45+00:00\",\"dateModified\":\"2026-02-03T10:51:17+00:00\",\"mainEntityOfPage\":{\"@id\":\"https:\/\/fr.bett1.ch\/info\/glossaire\/sommeil-paradoxal\"},\"wordCount\":1093,\"commentCount\":0,\"image\":{\"@id\":\"https:\/\/www.bett1.fr\/info\/glossaire\/sommeil-paradoxal#primaryimage\"},\"thumbnailUrl\":\"https:\/\/storage.googleapis.com\/bett1-tools-infoportal-staging-ch-fr\/2024\/12\/bett1_FR-IP_REM-_header.jpg\",\"keywords\":[\"cycle du sommeil\",\"r\u00eaves\",\"sommeil paradoxal\"],\"articleSection\":[\"Glossaire\"],\"inLanguage\":\"fr-FR\",\"potentialAction\":[{\"@type\":\"CommentAction\",\"name\":\"Comment\",\"target\":[\"https:\/\/www.bett1.fr\/info\/glossaire\/sommeil-paradoxal#respond\"]}]},{\"@type\":\"WebPage\",\"@id\":\"https:\/\/fr.bett1.ch\/info\/glossaire\/sommeil-paradoxal\",\"url\":\"https:\/\/www.bett1.fr\/info\/glossaire\/sommeil-paradoxal\",\"name\":\"Sommeil Paradoxal : Pourquoi Est-il si Important ? | Bett1.fr\",\"isPartOf\":{\"@id\":\"https:\/\/fr.bett1.ch\/info\/#website\"},\"primaryImageOfPage\":{\"@id\":\"https:\/\/www.bett1.fr\/info\/glossaire\/sommeil-paradoxal#primaryimage\"},\"image\":{\"@id\":\"https:\/\/www.bett1.fr\/info\/glossaire\/sommeil-paradoxal#primaryimage\"},\"thumbnailUrl\":\"https:\/\/storage.googleapis.com\/bett1-tools-infoportal-staging-ch-fr\/2024\/12\/bett1_FR-IP_REM-_header.jpg\",\"datePublished\":\"2024-12-04T10:29:45+00:00\",\"dateModified\":\"2026-02-03T10:51:17+00:00\",\"author\":{\"@id\":\"https:\/\/fr.bett1.ch\/info\/#\/schema\/person\/04bd20287aa19eecd013beeb696f962a\"},\"description\":\"Sommeil paradoxal \u2713 REM \u25ba D\u00e9couvrez-en plus sur le sommeil paradoxal pour optimiser votre phase de r\u00e9cup\u00e9ration avec Bett1.fr !\",\"breadcrumb\":{\"@id\":\"https:\/\/www.bett1.fr\/info\/glossaire\/sommeil-paradoxal#breadcrumb\"},\"inLanguage\":\"fr-FR\",\"potentialAction\":[{\"@type\":\"ReadAction\",\"target\":[\"https:\/\/www.bett1.fr\/info\/glossaire\/sommeil-paradoxal\"]}]},{\"@type\":\"ImageObject\",\"inLanguage\":\"fr-FR\",\"@id\":\"https:\/\/www.bett1.fr\/info\/glossaire\/sommeil-paradoxal#primaryimage\",\"url\":\"https:\/\/storage.googleapis.com\/bett1-tools-infoportal-staging-ch-fr\/2024\/12\/bett1_FR-IP_REM-_header.jpg\",\"contentUrl\":\"https:\/\/storage.googleapis.com\/bett1-tools-infoportal-staging-ch-fr\/2024\/12\/bett1_FR-IP_REM-_header.jpg\",\"width\":1260,\"height\":690,\"caption\":\"Image : lit avec une lampe \u00e0 pied sur un nuage et un fond de ciel \u00e9toil\u00e9\"},{\"@type\":\"BreadcrumbList\",\"@id\":\"https:\/\/www.bett1.fr\/info\/glossaire\/sommeil-paradoxal#breadcrumb\",\"itemListElement\":[{\"@type\":\"ListItem\",\"position\":1,\"name\":\"Home\",\"item\":\"https:\/\/fr.bett1.ch\/info\"},{\"@type\":\"ListItem\",\"position\":2,\"name\":\"Sommeil paradoxal\u00a0: en quoi est-il si important pour la r\u00e9cup\u00e9ration\u00a0?\"}]},{\"@type\":\"WebSite\",\"@id\":\"https:\/\/fr.bett1.ch\/info\/#website\",\"url\":\"https:\/\/fr.bett1.ch\/info\/\",\"name\":\"Infoportal CH - fr\",\"description\":\"Ce qu&#039;il faut savoir sur le matelas et la literie.\",\"potentialAction\":[{\"@type\":\"SearchAction\",\"target\":{\"@type\":\"EntryPoint\",\"urlTemplate\":\"https:\/\/fr.bett1.ch\/info\/?s={search_term_string}\"},\"query-input\":{\"@type\":\"PropertyValueSpecification\",\"valueRequired\":true,\"valueName\":\"search_term_string\"}}],\"inLanguage\":\"fr-FR\"},{\"@type\":\"Person\",\"@id\":\"https:\/\/fr.bett1.ch\/info\/#\/schema\/person\/04bd20287aa19eecd013beeb696f962a\",\"name\":\"jihane schott\",\"image\":{\"@type\":\"ImageObject\",\"inLanguage\":\"fr-FR\",\"@id\":\"https:\/\/fr.bett1.ch\/info\/#\/schema\/person\/image\/\",\"url\":\"https:\/\/secure.gravatar.com\/avatar\/5f726df063689cc7c4ef90d360d4b8a9c203a7612f20a2f83263ed7da822d88d?s=96&d=mm&r=g\",\"contentUrl\":\"https:\/\/secure.gravatar.com\/avatar\/5f726df063689cc7c4ef90d360d4b8a9c203a7612f20a2f83263ed7da822d88d?s=96&d=mm&r=g\",\"caption\":\"jihane schott\"}}]}<\/script>\n<!-- \/ Yoast SEO Premium plugin. -->","yoast_head_json":{"title":"Sommeil Paradoxal : Pourquoi Est-il si Important ? | Bett1.fr","description":"Sommeil paradoxal \u2713 REM \u25ba D\u00e9couvrez-en plus sur le sommeil paradoxal pour optimiser votre phase de r\u00e9cup\u00e9ration avec Bett1.fr !","robots":{"index":"index","follow":"follow","max-snippet":"max-snippet:-1","max-image-preview":"max-image-preview:large","max-video-preview":"max-video-preview:-1"},"canonical":"https:\/\/www.bett1.fr\/info\/glossaire\/sommeil-paradoxal\/","og_locale":"fr_FR","og_type":"article","og_title":"Sommeil paradoxal\u00a0: en quoi est-il si important pour la r\u00e9cup\u00e9ration\u00a0?","og_description":"Sommeil paradoxal \u2713 REM \u25ba D\u00e9couvrez-en plus sur le sommeil paradoxal pour optimiser votre phase de r\u00e9cup\u00e9ration avec Bett1.fr !","og_url":"https:\/\/www.bett1.fr\/info\/glossaire\/sommeil-paradoxal","og_site_name":"bett1","article_publisher":"https:\/\/www.facebook.com\/bett1.fr","article_published_time":"2024-12-04T10:29:45+00:00","article_modified_time":"2026-02-03T10:51:17+00:00","og_image":[{"width":1260,"height":690,"url":"https:\/\/storage.googleapis.com\/bett1-tools-infoportal-staging-ch-fr\/2024\/12\/bett1_FR-IP_REM-_header.jpg","type":"image\/jpeg"}],"author":"jihane schott","twitter_card":"summary_large_image","twitter_misc":{"Written by":"jihane schott","Est. reading time":"7 minutes"},"schema":{"@context":"https:\/\/schema.org","@graph":[{"@type":"Article","@id":"https:\/\/www.bett1.fr\/info\/glossaire\/sommeil-paradoxal#article","isPartOf":{"@id":"https:\/\/fr.bett1.ch\/info\/glossaire\/sommeil-paradoxal"},"author":{"name":"jihane schott","@id":"https:\/\/fr.bett1.ch\/info\/#\/schema\/person\/04bd20287aa19eecd013beeb696f962a"},"headline":"Sommeil paradoxal\u00a0: en quoi est-il si important pour la r\u00e9cup\u00e9ration\u00a0?","datePublished":"2024-12-04T10:29:45+00:00","dateModified":"2026-02-03T10:51:17+00:00","mainEntityOfPage":{"@id":"https:\/\/fr.bett1.ch\/info\/glossaire\/sommeil-paradoxal"},"wordCount":1093,"commentCount":0,"image":{"@id":"https:\/\/www.bett1.fr\/info\/glossaire\/sommeil-paradoxal#primaryimage"},"thumbnailUrl":"https:\/\/storage.googleapis.com\/bett1-tools-infoportal-staging-ch-fr\/2024\/12\/bett1_FR-IP_REM-_header.jpg","keywords":["cycle du sommeil","r\u00eaves","sommeil paradoxal"],"articleSection":["Glossaire"],"inLanguage":"fr-FR","potentialAction":[{"@type":"CommentAction","name":"Comment","target":["https:\/\/www.bett1.fr\/info\/glossaire\/sommeil-paradoxal#respond"]}]},{"@type":"WebPage","@id":"https:\/\/fr.bett1.ch\/info\/glossaire\/sommeil-paradoxal","url":"https:\/\/www.bett1.fr\/info\/glossaire\/sommeil-paradoxal","name":"Sommeil Paradoxal : Pourquoi Est-il si Important ? | Bett1.fr","isPartOf":{"@id":"https:\/\/fr.bett1.ch\/info\/#website"},"primaryImageOfPage":{"@id":"https:\/\/www.bett1.fr\/info\/glossaire\/sommeil-paradoxal#primaryimage"},"image":{"@id":"https:\/\/www.bett1.fr\/info\/glossaire\/sommeil-paradoxal#primaryimage"},"thumbnailUrl":"https:\/\/storage.googleapis.com\/bett1-tools-infoportal-staging-ch-fr\/2024\/12\/bett1_FR-IP_REM-_header.jpg","datePublished":"2024-12-04T10:29:45+00:00","dateModified":"2026-02-03T10:51:17+00:00","author":{"@id":"https:\/\/fr.bett1.ch\/info\/#\/schema\/person\/04bd20287aa19eecd013beeb696f962a"},"description":"Sommeil paradoxal \u2713 REM \u25ba D\u00e9couvrez-en plus sur le sommeil paradoxal pour optimiser votre phase de r\u00e9cup\u00e9ration avec Bett1.fr !","breadcrumb":{"@id":"https:\/\/www.bett1.fr\/info\/glossaire\/sommeil-paradoxal#breadcrumb"},"inLanguage":"fr-FR","potentialAction":[{"@type":"ReadAction","target":["https:\/\/www.bett1.fr\/info\/glossaire\/sommeil-paradoxal"]}]},{"@type":"ImageObject","inLanguage":"fr-FR","@id":"https:\/\/www.bett1.fr\/info\/glossaire\/sommeil-paradoxal#primaryimage","url":"https:\/\/storage.googleapis.com\/bett1-tools-infoportal-staging-ch-fr\/2024\/12\/bett1_FR-IP_REM-_header.jpg","contentUrl":"https:\/\/storage.googleapis.com\/bett1-tools-infoportal-staging-ch-fr\/2024\/12\/bett1_FR-IP_REM-_header.jpg","width":1260,"height":690,"caption":"Image : lit avec une lampe \u00e0 pied sur un nuage et un fond de ciel \u00e9toil\u00e9"},{"@type":"BreadcrumbList","@id":"https:\/\/www.bett1.fr\/info\/glossaire\/sommeil-paradoxal#breadcrumb","itemListElement":[{"@type":"ListItem","position":1,"name":"Home","item":"https:\/\/fr.bett1.ch\/info"},{"@type":"ListItem","position":2,"name":"Sommeil paradoxal\u00a0: en quoi est-il si important pour la r\u00e9cup\u00e9ration\u00a0?"}]},{"@type":"WebSite","@id":"https:\/\/fr.bett1.ch\/info\/#website","url":"https:\/\/fr.bett1.ch\/info\/","name":"Infoportal CH - fr","description":"Ce qu&#039;il faut savoir sur le matelas et la literie.","potentialAction":[{"@type":"SearchAction","target":{"@type":"EntryPoint","urlTemplate":"https:\/\/fr.bett1.ch\/info\/?s={search_term_string}"},"query-input":{"@type":"PropertyValueSpecification","valueRequired":true,"valueName":"search_term_string"}}],"inLanguage":"fr-FR"},{"@type":"Person","@id":"https:\/\/fr.bett1.ch\/info\/#\/schema\/person\/04bd20287aa19eecd013beeb696f962a","name":"jihane schott","image":{"@type":"ImageObject","inLanguage":"fr-FR","@id":"https:\/\/fr.bett1.ch\/info\/#\/schema\/person\/image\/","url":"https:\/\/secure.gravatar.com\/avatar\/5f726df063689cc7c4ef90d360d4b8a9c203a7612f20a2f83263ed7da822d88d?s=96&d=mm&r=g","contentUrl":"https:\/\/secure.gravatar.com\/avatar\/5f726df063689cc7c4ef90d360d4b8a9c203a7612f20a2f83263ed7da822d88d?s=96&d=mm&r=g","caption":"jihane schott"}}]}},"_links":{"self":[{"href":"https:\/\/fr.bett1.ch\/info\/wp-json\/wp\/v2\/posts\/385","targetHints":{"allow":["GET"]}}],"collection":[{"href":"https:\/\/fr.bett1.ch\/info\/wp-json\/wp\/v2\/posts"}],"about":[{"href":"https:\/\/fr.bett1.ch\/info\/wp-json\/wp\/v2\/types\/post"}],"author":[{"embeddable":true,"href":"https:\/\/fr.bett1.ch\/info\/wp-json\/wp\/v2\/users\/2"}],"replies":[{"embeddable":true,"href":"https:\/\/fr.bett1.ch\/info\/wp-json\/wp\/v2\/comments?post=385"}],"version-history":[{"count":1,"href":"https:\/\/fr.bett1.ch\/info\/wp-json\/wp\/v2\/posts\/385\/revisions"}],"predecessor-version":[{"id":944,"href":"https:\/\/fr.bett1.ch\/info\/wp-json\/wp\/v2\/posts\/385\/revisions\/944"}],"wp:featuredmedia":[{"embeddable":true,"href":"https:\/\/fr.bett1.ch\/info\/wp-json\/wp\/v2\/media\/393"}],"wp:attachment":[{"href":"https:\/\/fr.bett1.ch\/info\/wp-json\/wp\/v2\/media?parent=385"}],"wp:term":[{"taxonomy":"category","embeddable":true,"href":"https:\/\/fr.bett1.ch\/info\/wp-json\/wp\/v2\/categories?post=385"},{"taxonomy":"post_tag","embeddable":true,"href":"https:\/\/fr.bett1.ch\/info\/wp-json\/wp\/v2\/tags?post=385"}],"curies":[{"name":"wp","href":"https:\/\/api.w.org\/{rel}","templated":true}]}}